{"id":1020,"date":"2025-10-21T18:08:34","date_gmt":"2025-10-21T18:08:34","guid":{"rendered":"https:\/\/centrodeansiedad.com.ar\/?p=1020"},"modified":"2026-06-24T09:46:16","modified_gmt":"2026-06-24T12:46:16","slug":"el-aumento-del-trastorno-de-ansiedad-generalizada-en-personas-jovenes-es-una-tendencia-alarmante-que-requiere-atencion-inmediata","status":"publish","type":"post","link":"https:\/\/centrodeansiedad.com.ar\/blog\/el-aumento-del-trastorno-de-ansiedad-generalizada-en-personas-jovenes-es-una-tendencia-alarmante-que-requiere-atencion-inmediata\/","title":{"rendered":"El aumento del Trastorno de Ansiedad Generalizada en personas j\u00f3venes es una tendencia alarmante que requiere atenci\u00f3n inmediata"},"content":{"rendered":"\n<p class=\"lead wp-block-paragraph\">En los \u00faltimos a\u00f1os, el Trastorno de Ansiedad Generalizada (TAG) ha mostrado un preocupante aumento, especialmente entre personas cada vez m\u00e1s j\u00f3venes. Diversos factores han contribuido a este incremento. <\/p>\n\n\n\n<p class=\"wp-block-paragraph\">El <strong>Trastorno de Ansiedad Generalizada<\/strong> no es solo \u201c<em>preocuparse mucho<\/em>\u201d. Se trata de una condici\u00f3n que afecta profundamente la vida diaria.<\/p>\n\n\n\n<ul class=\"wp-block-list\">\n<li>Dificultades para concentrarse y cumplir con sus responsabilidades.<\/li>\n\n\n\n<li>Problemas f\u00edsicos como dolores de cabeza, tensi\u00f3n muscular y trastornos del sue\u00f1o.<\/li>\n\n\n\n<li>Aislamiento social debido al miedo o la inseguridad.<\/li>\n\n\n\n<li>Menor autoestima y confianza en sus habilidades.<\/li>\n<\/ul>\n\n\n\n<div style=\"height:50px\" aria-hidden=\"true\" class=\"wp-block-spacer\"><\/div>\n\n\n\n<h2 class=\"wp-block-heading\">\u00bfPor qu\u00e9 los j\u00f3venes est\u00e1n m\u00e1s afectados por el TAG?<\/h2>\n\n\n\n<p class=\"wp-block-paragraph\">Existen m\u00faltiples factores que contribuyen al crecimiento de los casos de ansiedad generalizada entre los j\u00f3venes:<\/p>\n\n\n\n<ul class=\"wp-block-list\">\n<li><strong>Presi\u00f3n social y acad\u00e9mica:<\/strong> Las expectativas de \u00e9xito, tanto en el \u00e1mbito educativo como personal, generan una presi\u00f3n constante que puede resultar abrumadora.<\/li>\n\n\n\n<li><strong>Exposici\u00f3n a redes sociales: <\/strong>La comparaci\u00f3n constante con los dem\u00e1s y la b\u00fasqueda de validaci\u00f3n en plataformas digitales contribuyen a niveles elevados de estr\u00e9s e inseguridad.<\/li>\n\n\n\n<li><strong>Incertidumbre sobre el futuro:<\/strong> Cambios econ\u00f3micos, sociales y clim\u00e1ticos hacen que muchos j\u00f3venes enfrenten un panorama lleno de incertidumbre, lo que exacerba la ansiedad.<\/li>\n\n\n\n<li><strong>Falta de herramientas emocionales:<\/strong> La falta de educaci\u00f3n emocional en los primeros a\u00f1os dificulta que los j\u00f3venes aprendan a gestionar eficazmente sus emociones y preocupaciones.<\/li>\n<\/ul>\n\n\n\n<div style=\"height:50px\" aria-hidden=\"true\" class=\"wp-block-spacer\"><\/div>\n\n\n\n<p class=\"well wp-block-paragraph\">El tratamiento oportuno del trastorno de ansiedad generalizada (TAG) puede mejorar significativamente la calidad de vida de quienes lo padecen. <\/p>\n\n\n\n<p class=\"well wp-block-paragraph\">Con el acompa\u00f1amiento adecuado, es posible aprender a manejar la ansiedad, recuperar la confianza y retomar actividades que hoy resultan dif\u00edciles. <\/p>\n\n\n\n<p class=\"well wp-block-paragraph\">Buscar ayuda profesional suele ser el primer paso hacia un cambio positivo. Si la ansiedad est\u00e1 afectando tu bienestar, consultar con un especialista puede ayudarte a recuperar el equilibrio y volver a disfrutar de una vida m\u00e1s plena.<\/p>\n\n\n\n<p class=\"wp-block-paragraph\">En en Centro de Terapia para la Ansiedad trabajamos cada d\u00eda con personas que sufren de trastornos de ansiedad y los ayudamos a recuperar en bienestar y el equilibrio. Pod\u00e9s conocer m\u00e1s sobre <a href=\"https:\/\/centrodeansiedad.com.ar\/quienes-somos\/\">nosotros y nuestro m\u00e9todo de trabajo aqu\u00ed<\/a>.<\/p>\n\n\n\n<div style=\"height:100px\" aria-hidden=\"true\" class=\"wp-block-spacer\"><\/div>\n\n\n\n<div class=\"wp-block-group is-layout-constrained wp-block-group-is-layout-constrained\">\n<div style=\"height:40px\" aria-hidden=\"true\" class=\"wp-block-spacer\"><\/div>\n\n\n\n<h2 class=\"wp-block-heading has-text-align-center\"><strong>\u00bfQuer\u00e9s saber si lo que sent\u00eds es ansiedad?<\/strong> <\/h2>\n\n\n\n<p class=\"has-text-align-center wp-block-paragraph\">Si te cuesta relajarte, si sent\u00eds una tensi\u00f3n agotadora, el primer paso es entender tu nivel de sintomatolog\u00eda. Realiz\u00e1 nuestro <strong>Test de Ansiedad Gratuito<\/strong>. <\/p>\n\n\n\n<p class=\"has-text-align-center wp-block-paragraph\">Es una <strong>herramienta profesional de diagn\u00f3stico<\/strong> dise\u00f1ada para ayudarte a ponerle nombre a lo que te pasa y dar el primer paso hacia el alivio.<\/p>\n\n\n\n<div style=\"height:10px\" aria-hidden=\"true\" class=\"wp-block-spacer\"><\/div>\n\n\n\n<div class=\"wp-block-buttons is-content-justification-center is-layout-flex wp-container-core-buttons-is-layout-3e41869c wp-block-buttons-is-layout-flex\">\n<div class=\"wp-block-button\"><a class=\"wp-block-button__link has-text-align-center wp-element-button\" href=\"https:\/\/centrodeansiedad.com.ar\/test-de-ataques-de-ansiedad\/?utm_source=blog\" target=\"_blank\" rel=\"noreferrer noopener\"><strong>Hacer el Test Gratis<\/strong><\/a><\/div>\n<\/div>\n\n\n\n<div style=\"height:40px\" aria-hidden=\"true\" class=\"wp-block-spacer\"><\/div>\n<\/div>\n","protected":false},"excerpt":{"rendered":"<p>En los \u00faltimos a\u00f1os, el Trastorno de Ansiedad Generalizada (TAG) ha mostrado un preocupante aumento, especialmente entre personas cada vez m\u00e1s j\u00f3venes. Diversos factores han contribuido a este incremento. El Trastorno de Ansiedad Generalizada no es solo \u201cpreocuparse mucho\u201d. Se trata de una condici\u00f3n que afecta profundamente la vida diaria. \u00bfPor qu\u00e9 los j\u00f3venes est\u00e1n [&hellip;]<\/p>\n","protected":false},"author":10,"featured_media":24520,"comment_status":"open","ping_status":"open","sticky":false,"template":"","format":"standard","meta":{"_glsr_average":0,"_glsr_ranking":0,"_glsr_reviews":0,"_joinchat":[],"footnotes":""},"categories":[1],"tags":[],"class_list":["post-1020","post","type-post","status-publish","format-standard","has-post-thumbnail","hentry","category-psicologia"],"yoast_head":"<!-- This site is optimized with the Yoast SEO plugin v27.9 - https:\/\/yoast.com\/product\/yoast-seo-wordpress\/ -->\n<title>Ansiedad Generalizada en j\u00f3venes: S\u00edntomas y tratamiento<\/title>\n<meta name=\"description\" content=\"Descubre c\u00f3mo la ansiedad generalizada afecta a los j\u00f3venes, s\u00edntomas principales y tratamientos efectivos con terapia cognitivo-conductual.\" \/>\n<meta name=\"robots\" content=\"index, follow, max-snippet:-1, max-image-preview:large, max-video-preview:-1\" \/>\n<link rel=\"canonical\" href=\"https:\/\/centrodeansiedad.com.ar\/blog\/el-aumento-del-trastorno-de-ansiedad-generalizada-en-personas-jovenes-es-una-tendencia-alarmante-que-requiere-atencion-inmediata\/\" \/>\n<meta property=\"og:locale\" content=\"es_ES\" \/>\n<meta property=\"og:type\" content=\"article\" \/>\n<meta property=\"og:title\" content=\"\u00bfPor qu\u00e9 los j\u00f3venes est\u00e1n m\u00e1s afectados por el TAG?\" \/>\n<meta property=\"og:description\" content=\"Conoc\u00e9 qu\u00e9 es el trastorno de ansiedad generalizada (TAG), cu\u00e1les son sus s\u00edntomas m\u00e1s frecuentes en j\u00f3venes y c\u00f3mo un tratamiento adecuado puede ayudar a recuperar el bienestar y la calidad de vida.\" \/>\n<meta property=\"og:url\" content=\"https:\/\/centrodeansiedad.com.ar\/blog\/el-aumento-del-trastorno-de-ansiedad-generalizada-en-personas-jovenes-es-una-tendencia-alarmante-que-requiere-atencion-inmediata\/\" \/>\n<meta property=\"og:site_name\" content=\"Centro de Terapia para la Ansiedad\" \/>\n<meta property=\"article:published_time\" content=\"2025-10-21T18:08:34+00:00\" \/>\n<meta property=\"article:modified_time\" content=\"2026-06-24T12:46:16+00:00\" \/>\n<meta property=\"og:image\" content=\"https:\/\/centrodeansiedad.com.ar\/blog\/wp-content\/uploads\/2025\/10\/aumento-del-trastorno-de-ansiedad-generalizada-en-personas-jovenes-es-una-tendencia-alarmante-que-requiere-atencion-inmediata.png\" \/>\n\t<meta property=\"og:image:width\" content=\"768\" \/>\n\t<meta property=\"og:image:height\" content=\"403\" \/>\n\t<meta property=\"og:image:type\" content=\"image\/png\" \/>\n<meta name=\"author\" content=\"Equipo del Centro de Ansiedad\" \/>\n<meta name=\"twitter:card\" content=\"summary_large_image\" \/>\n<meta name=\"twitter:title\" content=\"\u00bfPor qu\u00e9 los j\u00f3venes est\u00e1n m\u00e1s afectados por el TAG?\" \/>\n<meta name=\"twitter:description\" content=\"Conoc\u00e9 qu\u00e9 es el trastorno de ansiedad generalizada (TAG), cu\u00e1les son sus s\u00edntomas m\u00e1s frecuentes en j\u00f3venes y c\u00f3mo un tratamiento adecuado puede ayudar a recuperar el bienestar y la calidad de vida.\" \/>\n<meta name=\"twitter:image\" content=\"https:\/\/centrodeansiedad.com.ar\/blog\/wp-content\/uploads\/2025\/10\/aumento-del-trastorno-de-ansiedad-generalizada-en-personas-jovenes-es-una-tendencia-alarmante-que-requiere-atencion-inmediata.png\" \/>\n<meta name=\"twitter:label1\" content=\"Escrito por\" \/>\n\t<meta name=\"twitter:data1\" content=\"Equipo del Centro de Ansiedad\" \/>\n\t<meta name=\"twitter:label2\" content=\"Tiempo de lectura\" \/>\n\t<meta name=\"twitter:data2\" content=\"2 minutos\" \/>\n<script type=\"application\/ld+json\" class=\"yoast-schema-graph\">{\"@context\":\"https:\\\/\\\/schema.org\",\"@graph\":[{\"@type\":\"Article\",\"@id\":\"https:\\\/\\\/centrodeansiedad.com.ar\\\/blog\\\/el-aumento-del-trastorno-de-ansiedad-generalizada-en-personas-jovenes-es-una-tendencia-alarmante-que-requiere-atencion-inmediata\\\/#article\",\"isPartOf\":{\"@id\":\"https:\\\/\\\/centrodeansiedad.com.ar\\\/blog\\\/el-aumento-del-trastorno-de-ansiedad-generalizada-en-personas-jovenes-es-una-tendencia-alarmante-que-requiere-atencion-inmediata\\\/\"},\"author\":{\"name\":\"Equipo del Centro de Ansiedad\",\"@id\":\"https:\\\/\\\/centrodeansiedad.com.ar\\\/blog\\\/#\\\/schema\\\/person\\\/3e6cd22fb1fa86cec226ee2afaf4849e\"},\"headline\":\"El aumento del Trastorno de Ansiedad Generalizada en personas j\u00f3venes es una tendencia alarmante que requiere atenci\u00f3n inmediata\",\"datePublished\":\"2025-10-21T18:08:34+00:00\",\"dateModified\":\"2026-06-24T12:46:16+00:00\",\"mainEntityOfPage\":{\"@id\":\"https:\\\/\\\/centrodeansiedad.com.ar\\\/blog\\\/el-aumento-del-trastorno-de-ansiedad-generalizada-en-personas-jovenes-es-una-tendencia-alarmante-que-requiere-atencion-inmediata\\\/\"},\"wordCount\":382,\"commentCount\":0,\"image\":{\"@id\":\"https:\\\/\\\/centrodeansiedad.com.ar\\\/blog\\\/el-aumento-del-trastorno-de-ansiedad-generalizada-en-personas-jovenes-es-una-tendencia-alarmante-que-requiere-atencion-inmediata\\\/#primaryimage\"},\"thumbnailUrl\":\"https:\\\/\\\/centrodeansiedad.com.ar\\\/blog\\\/wp-content\\\/uploads\\\/2025\\\/10\\\/aumento-del-trastorno-de-ansiedad-generalizada-en-personas-jovenes-es-una-tendencia-alarmante-que-requiere-atencion-inmediata.png\",\"articleSection\":[\"Trastornos de Ansiedad\"],\"inLanguage\":\"es\",\"potentialAction\":[{\"@type\":\"CommentAction\",\"name\":\"Comment\",\"target\":[\"https:\\\/\\\/centrodeansiedad.com.ar\\\/blog\\\/el-aumento-del-trastorno-de-ansiedad-generalizada-en-personas-jovenes-es-una-tendencia-alarmante-que-requiere-atencion-inmediata\\\/#respond\"]}]},{\"@type\":\"WebPage\",\"@id\":\"https:\\\/\\\/centrodeansiedad.com.ar\\\/blog\\\/el-aumento-del-trastorno-de-ansiedad-generalizada-en-personas-jovenes-es-una-tendencia-alarmante-que-requiere-atencion-inmediata\\\/\",\"url\":\"https:\\\/\\\/centrodeansiedad.com.ar\\\/blog\\\/el-aumento-del-trastorno-de-ansiedad-generalizada-en-personas-jovenes-es-una-tendencia-alarmante-que-requiere-atencion-inmediata\\\/\",\"name\":\"Ansiedad Generalizada en j\u00f3venes: S\u00edntomas y tratamiento\",\"isPartOf\":{\"@id\":\"https:\\\/\\\/centrodeansiedad.com.ar\\\/blog\\\/#website\"},\"primaryImageOfPage\":{\"@id\":\"https:\\\/\\\/centrodeansiedad.com.ar\\\/blog\\\/el-aumento-del-trastorno-de-ansiedad-generalizada-en-personas-jovenes-es-una-tendencia-alarmante-que-requiere-atencion-inmediata\\\/#primaryimage\"},\"image\":{\"@id\":\"https:\\\/\\\/centrodeansiedad.com.ar\\\/blog\\\/el-aumento-del-trastorno-de-ansiedad-generalizada-en-personas-jovenes-es-una-tendencia-alarmante-que-requiere-atencion-inmediata\\\/#primaryimage\"},\"thumbnailUrl\":\"https:\\\/\\\/centrodeansiedad.com.ar\\\/blog\\\/wp-content\\\/uploads\\\/2025\\\/10\\\/aumento-del-trastorno-de-ansiedad-generalizada-en-personas-jovenes-es-una-tendencia-alarmante-que-requiere-atencion-inmediata.png\",\"datePublished\":\"2025-10-21T18:08:34+00:00\",\"dateModified\":\"2026-06-24T12:46:16+00:00\",\"author\":{\"@id\":\"https:\\\/\\\/centrodeansiedad.com.ar\\\/blog\\\/#\\\/schema\\\/person\\\/3e6cd22fb1fa86cec226ee2afaf4849e\"},\"description\":\"Descubre c\u00f3mo la ansiedad generalizada afecta a los j\u00f3venes, s\u00edntomas principales y tratamientos efectivos con terapia cognitivo-conductual.\",\"breadcrumb\":{\"@id\":\"https:\\\/\\\/centrodeansiedad.com.ar\\\/blog\\\/el-aumento-del-trastorno-de-ansiedad-generalizada-en-personas-jovenes-es-una-tendencia-alarmante-que-requiere-atencion-inmediata\\\/#breadcrumb\"},\"inLanguage\":\"es\",\"potentialAction\":[{\"@type\":\"ReadAction\",\"target\":[\"https:\\\/\\\/centrodeansiedad.com.ar\\\/blog\\\/el-aumento-del-trastorno-de-ansiedad-generalizada-en-personas-jovenes-es-una-tendencia-alarmante-que-requiere-atencion-inmediata\\\/\"]}]},{\"@type\":\"ImageObject\",\"inLanguage\":\"es\",\"@id\":\"https:\\\/\\\/centrodeansiedad.com.ar\\\/blog\\\/el-aumento-del-trastorno-de-ansiedad-generalizada-en-personas-jovenes-es-una-tendencia-alarmante-que-requiere-atencion-inmediata\\\/#primaryimage\",\"url\":\"https:\\\/\\\/centrodeansiedad.com.ar\\\/blog\\\/wp-content\\\/uploads\\\/2025\\\/10\\\/aumento-del-trastorno-de-ansiedad-generalizada-en-personas-jovenes-es-una-tendencia-alarmante-que-requiere-atencion-inmediata.png\",\"contentUrl\":\"https:\\\/\\\/centrodeansiedad.com.ar\\\/blog\\\/wp-content\\\/uploads\\\/2025\\\/10\\\/aumento-del-trastorno-de-ansiedad-generalizada-en-personas-jovenes-es-una-tendencia-alarmante-que-requiere-atencion-inmediata.png\",\"width\":768,\"height\":403,\"caption\":\"aumento del trastorno de ansiedad generalizada en personas jovenes es una tendencia alarmante que requiere atencion inmediata\"},{\"@type\":\"BreadcrumbList\",\"@id\":\"https:\\\/\\\/centrodeansiedad.com.ar\\\/blog\\\/el-aumento-del-trastorno-de-ansiedad-generalizada-en-personas-jovenes-es-una-tendencia-alarmante-que-requiere-atencion-inmediata\\\/#breadcrumb\",\"itemListElement\":[{\"@type\":\"ListItem\",\"position\":1,\"name\":\"Portada\",\"item\":\"https:\\\/\\\/centrodeansiedad.com.ar\\\/blog\\\/\"},{\"@type\":\"ListItem\",\"position\":2,\"name\":\"El aumento del Trastorno de Ansiedad Generalizada en personas j\u00f3venes es una tendencia alarmante que requiere atenci\u00f3n inmediata\"}]},{\"@type\":\"WebSite\",\"@id\":\"https:\\\/\\\/centrodeansiedad.com.ar\\\/blog\\\/#website\",\"url\":\"https:\\\/\\\/centrodeansiedad.com.ar\\\/blog\\\/\",\"name\":\"Centro de Terapia para la Ansiedad\",\"description\":\"Alivia tu ansiedad en pocas sesiones para que el miedo al futuro no te impida disfrutar el presente\",\"potentialAction\":[{\"@type\":\"SearchAction\",\"target\":{\"@type\":\"EntryPoint\",\"urlTemplate\":\"https:\\\/\\\/centrodeansiedad.com.ar\\\/blog\\\/?s={search_term_string}\"},\"query-input\":{\"@type\":\"PropertyValueSpecification\",\"valueRequired\":true,\"valueName\":\"search_term_string\"}}],\"inLanguage\":\"es\"},{\"@type\":\"Person\",\"@id\":\"https:\\\/\\\/centrodeansiedad.com.ar\\\/blog\\\/#\\\/schema\\\/person\\\/3e6cd22fb1fa86cec226ee2afaf4849e\",\"name\":\"Equipo del Centro de Ansiedad\",\"description\":\"Aliviamos tus preocupaciones, nervios y tensi\u00f3n en pocas sesiones para que te sientas m\u00e1s relajado y duermas mejor con Terapia Cognitivo Conductual\",\"url\":\"https:\\\/\\\/centrodeansiedad.com.ar\\\/blog\\\/author\\\/equipo-centro-de-ansiedad\\\/\"}]}<\/script>\n<!-- \/ Yoast SEO plugin. -->","yoast_head_json":{"title":"Ansiedad Generalizada en j\u00f3venes: S\u00edntomas y tratamiento","description":"Descubre c\u00f3mo la ansiedad generalizada afecta a los j\u00f3venes, s\u00edntomas principales y tratamientos efectivos con terapia cognitivo-conductual.","robots":{"index":"index","follow":"follow","max-snippet":"max-snippet:-1","max-image-preview":"max-image-preview:large","max-video-preview":"max-video-preview:-1"},"canonical":"https:\/\/centrodeansiedad.com.ar\/blog\/el-aumento-del-trastorno-de-ansiedad-generalizada-en-personas-jovenes-es-una-tendencia-alarmante-que-requiere-atencion-inmediata\/","og_locale":"es_ES","og_type":"article","og_title":"\u00bfPor qu\u00e9 los j\u00f3venes est\u00e1n m\u00e1s afectados por el TAG?","og_description":"Conoc\u00e9 qu\u00e9 es el trastorno de ansiedad generalizada (TAG), cu\u00e1les son sus s\u00edntomas m\u00e1s frecuentes en j\u00f3venes y c\u00f3mo un tratamiento adecuado puede ayudar a recuperar el bienestar y la calidad de vida.","og_url":"https:\/\/centrodeansiedad.com.ar\/blog\/el-aumento-del-trastorno-de-ansiedad-generalizada-en-personas-jovenes-es-una-tendencia-alarmante-que-requiere-atencion-inmediata\/","og_site_name":"Centro de Terapia para la Ansiedad","article_published_time":"2025-10-21T18:08:34+00:00","article_modified_time":"2026-06-24T12:46:16+00:00","og_image":[{"width":768,"height":403,"url":"https:\/\/centrodeansiedad.com.ar\/blog\/wp-content\/uploads\/2025\/10\/aumento-del-trastorno-de-ansiedad-generalizada-en-personas-jovenes-es-una-tendencia-alarmante-que-requiere-atencion-inmediata.png","type":"image\/png"}],"author":"Equipo del Centro de Ansiedad","twitter_card":"summary_large_image","twitter_title":"\u00bfPor qu\u00e9 los j\u00f3venes est\u00e1n m\u00e1s afectados por el TAG?","twitter_description":"Conoc\u00e9 qu\u00e9 es el trastorno de ansiedad generalizada (TAG), cu\u00e1les son sus s\u00edntomas m\u00e1s frecuentes en j\u00f3venes y c\u00f3mo un tratamiento adecuado puede ayudar a recuperar el bienestar y la calidad de vida.","twitter_image":"https:\/\/centrodeansiedad.com.ar\/blog\/wp-content\/uploads\/2025\/10\/aumento-del-trastorno-de-ansiedad-generalizada-en-personas-jovenes-es-una-tendencia-alarmante-que-requiere-atencion-inmediata.png","twitter_misc":{"Escrito por":"Equipo del Centro de Ansiedad","Tiempo de lectura":"2 minutos"},"schema":{"@context":"https:\/\/schema.org","@graph":[{"@type":"Article","@id":"https:\/\/centrodeansiedad.com.ar\/blog\/el-aumento-del-trastorno-de-ansiedad-generalizada-en-personas-jovenes-es-una-tendencia-alarmante-que-requiere-atencion-inmediata\/#article","isPartOf":{"@id":"https:\/\/centrodeansiedad.com.ar\/blog\/el-aumento-del-trastorno-de-ansiedad-generalizada-en-personas-jovenes-es-una-tendencia-alarmante-que-requiere-atencion-inmediata\/"},"author":{"name":"Equipo del Centro de Ansiedad","@id":"https:\/\/centrodeansiedad.com.ar\/blog\/#\/schema\/person\/3e6cd22fb1fa86cec226ee2afaf4849e"},"headline":"El aumento del Trastorno de Ansiedad Generalizada en personas j\u00f3venes es una tendencia alarmante que requiere atenci\u00f3n inmediata","datePublished":"2025-10-21T18:08:34+00:00","dateModified":"2026-06-24T12:46:16+00:00","mainEntityOfPage":{"@id":"https:\/\/centrodeansiedad.com.ar\/blog\/el-aumento-del-trastorno-de-ansiedad-generalizada-en-personas-jovenes-es-una-tendencia-alarmante-que-requiere-atencion-inmediata\/"},"wordCount":382,"commentCount":0,"image":{"@id":"https:\/\/centrodeansiedad.com.ar\/blog\/el-aumento-del-trastorno-de-ansiedad-generalizada-en-personas-jovenes-es-una-tendencia-alarmante-que-requiere-atencion-inmediata\/#primaryimage"},"thumbnailUrl":"https:\/\/centrodeansiedad.com.ar\/blog\/wp-content\/uploads\/2025\/10\/aumento-del-trastorno-de-ansiedad-generalizada-en-personas-jovenes-es-una-tendencia-alarmante-que-requiere-atencion-inmediata.png","articleSection":["Trastornos de Ansiedad"],"inLanguage":"es","potentialAction":[{"@type":"CommentAction","name":"Comment","target":["https:\/\/centrodeansiedad.com.ar\/blog\/el-aumento-del-trastorno-de-ansiedad-generalizada-en-personas-jovenes-es-una-tendencia-alarmante-que-requiere-atencion-inmediata\/#respond"]}]},{"@type":"WebPage","@id":"https:\/\/centrodeansiedad.com.ar\/blog\/el-aumento-del-trastorno-de-ansiedad-generalizada-en-personas-jovenes-es-una-tendencia-alarmante-que-requiere-atencion-inmediata\/","url":"https:\/\/centrodeansiedad.com.ar\/blog\/el-aumento-del-trastorno-de-ansiedad-generalizada-en-personas-jovenes-es-una-tendencia-alarmante-que-requiere-atencion-inmediata\/","name":"Ansiedad Generalizada en j\u00f3venes: S\u00edntomas y tratamiento","isPartOf":{"@id":"https:\/\/centrodeansiedad.com.ar\/blog\/#website"},"primaryImageOfPage":{"@id":"https:\/\/centrodeansiedad.com.ar\/blog\/el-aumento-del-trastorno-de-ansiedad-generalizada-en-personas-jovenes-es-una-tendencia-alarmante-que-requiere-atencion-inmediata\/#primaryimage"},"image":{"@id":"https:\/\/centrodeansiedad.com.ar\/blog\/el-aumento-del-trastorno-de-ansiedad-generalizada-en-personas-jovenes-es-una-tendencia-alarmante-que-requiere-atencion-inmediata\/#primaryimage"},"thumbnailUrl":"https:\/\/centrodeansiedad.com.ar\/blog\/wp-content\/uploads\/2025\/10\/aumento-del-trastorno-de-ansiedad-generalizada-en-personas-jovenes-es-una-tendencia-alarmante-que-requiere-atencion-inmediata.png","datePublished":"2025-10-21T18:08:34+00:00","dateModified":"2026-06-24T12:46:16+00:00","author":{"@id":"https:\/\/centrodeansiedad.com.ar\/blog\/#\/schema\/person\/3e6cd22fb1fa86cec226ee2afaf4849e"},"description":"Descubre c\u00f3mo la ansiedad generalizada afecta a los j\u00f3venes, s\u00edntomas principales y tratamientos efectivos con terapia cognitivo-conductual.","breadcrumb":{"@id":"https:\/\/centrodeansiedad.com.ar\/blog\/el-aumento-del-trastorno-de-ansiedad-generalizada-en-personas-jovenes-es-una-tendencia-alarmante-que-requiere-atencion-inmediata\/#breadcrumb"},"inLanguage":"es","potentialAction":[{"@type":"ReadAction","target":["https:\/\/centrodeansiedad.com.ar\/blog\/el-aumento-del-trastorno-de-ansiedad-generalizada-en-personas-jovenes-es-una-tendencia-alarmante-que-requiere-atencion-inmediata\/"]}]},{"@type":"ImageObject","inLanguage":"es","@id":"https:\/\/centrodeansiedad.com.ar\/blog\/el-aumento-del-trastorno-de-ansiedad-generalizada-en-personas-jovenes-es-una-tendencia-alarmante-que-requiere-atencion-inmediata\/#primaryimage","url":"https:\/\/centrodeansiedad.com.ar\/blog\/wp-content\/uploads\/2025\/10\/aumento-del-trastorno-de-ansiedad-generalizada-en-personas-jovenes-es-una-tendencia-alarmante-que-requiere-atencion-inmediata.png","contentUrl":"https:\/\/centrodeansiedad.com.ar\/blog\/wp-content\/uploads\/2025\/10\/aumento-del-trastorno-de-ansiedad-generalizada-en-personas-jovenes-es-una-tendencia-alarmante-que-requiere-atencion-inmediata.png","width":768,"height":403,"caption":"aumento del trastorno de ansiedad generalizada en personas jovenes es una tendencia alarmante que requiere atencion inmediata"},{"@type":"BreadcrumbList","@id":"https:\/\/centrodeansiedad.com.ar\/blog\/el-aumento-del-trastorno-de-ansiedad-generalizada-en-personas-jovenes-es-una-tendencia-alarmante-que-requiere-atencion-inmediata\/#breadcrumb","itemListElement":[{"@type":"ListItem","position":1,"name":"Portada","item":"https:\/\/centrodeansiedad.com.ar\/blog\/"},{"@type":"ListItem","position":2,"name":"El aumento del Trastorno de Ansiedad Generalizada en personas j\u00f3venes es una tendencia alarmante que requiere atenci\u00f3n inmediata"}]},{"@type":"WebSite","@id":"https:\/\/centrodeansiedad.com.ar\/blog\/#website","url":"https:\/\/centrodeansiedad.com.ar\/blog\/","name":"Centro de Terapia para la Ansiedad","description":"Alivia tu ansiedad en pocas sesiones para que el miedo al futuro no te impida disfrutar el presente","potentialAction":[{"@type":"SearchAction","target":{"@type":"EntryPoint","urlTemplate":"https:\/\/centrodeansiedad.com.ar\/blog\/?s={search_term_string}"},"query-input":{"@type":"PropertyValueSpecification","valueRequired":true,"valueName":"search_term_string"}}],"inLanguage":"es"},{"@type":"Person","@id":"https:\/\/centrodeansiedad.com.ar\/blog\/#\/schema\/person\/3e6cd22fb1fa86cec226ee2afaf4849e","name":"Equipo del Centro de Ansiedad","description":"Aliviamos tus preocupaciones, nervios y tensi\u00f3n en pocas sesiones para que te sientas m\u00e1s relajado y duermas mejor con Terapia Cognitivo Conductual","url":"https:\/\/centrodeansiedad.com.ar\/blog\/author\/equipo-centro-de-ansiedad\/"}]}},"_links":{"self":[{"href":"https:\/\/centrodeansiedad.com.ar\/blog\/wp-json\/wp\/v2\/posts\/1020","targetHints":{"allow":["GET"]}}],"collection":[{"href":"https:\/\/centrodeansiedad.com.ar\/blog\/wp-json\/wp\/v2\/posts"}],"about":[{"href":"https:\/\/centrodeansiedad.com.ar\/blog\/wp-json\/wp\/v2\/types\/post"}],"author":[{"embeddable":true,"href":"https:\/\/centrodeansiedad.com.ar\/blog\/wp-json\/wp\/v2\/users\/10"}],"replies":[{"embeddable":true,"href":"https:\/\/centrodeansiedad.com.ar\/blog\/wp-json\/wp\/v2\/comments?post=1020"}],"version-history":[{"count":2,"href":"https:\/\/centrodeansiedad.com.ar\/blog\/wp-json\/wp\/v2\/posts\/1020\/revisions"}],"predecessor-version":[{"id":26657,"href":"https:\/\/centrodeansiedad.com.ar\/blog\/wp-json\/wp\/v2\/posts\/1020\/revisions\/26657"}],"wp:featuredmedia":[{"embeddable":true,"href":"https:\/\/centrodeansiedad.com.ar\/blog\/wp-json\/wp\/v2\/media\/24520"}],"wp:attachment":[{"href":"https:\/\/centrodeansiedad.com.ar\/blog\/wp-json\/wp\/v2\/media?parent=1020"}],"wp:term":[{"taxonomy":"category","embeddable":true,"href":"https:\/\/centrodeansiedad.com.ar\/blog\/wp-json\/wp\/v2\/categories?post=1020"},{"taxonomy":"post_tag","embeddable":true,"href":"https:\/\/centrodeansiedad.com.ar\/blog\/wp-json\/wp\/v2\/tags?post=1020"}],"curies":[{"name":"wp","href":"https:\/\/api.w.org\/{rel}","templated":true}]}}