{"id":1005,"date":"2025-10-21T17:54:07","date_gmt":"2025-10-21T17:54:07","guid":{"rendered":"https:\/\/centrodeansiedad.com.ar\/?p=1005"},"modified":"2026-06-25T14:11:54","modified_gmt":"2026-06-25T17:11:54","slug":"existe-diferencia-entre-la-ansiedad-y-el-estres","status":"publish","type":"post","link":"https:\/\/centrodeansiedad.com.ar\/blog\/existe-diferencia-entre-la-ansiedad-y-el-estres\/","title":{"rendered":"\u00bfExiste diferencia entre la ansiedad y el estr\u00e9s?"},"content":{"rendered":"\n<p class=\"lead wp-block-paragraph\">La ansiedad y el estr\u00e9s suelen confundirse porque ambos generan s\u00edntomas similares, como tensi\u00f3n, inquietud y preocupaciones. Sin embargo, se diferencian por su origen, duraci\u00f3n y la forma en que afectan nuestra vida.<\/p>\n\n\n\n<p class=\"wp-block-paragraph\">El estr\u00e9s ( a veces escrito como \u00abstress\u00bb) es una respuesta del cuerpo ante una demanda externa. En niveles adecuados, el estr\u00e9s puede ser \u00fatil porque nos motiva a actuar. Sin embargo, cuando se prolonga demasiado o la presi\u00f3n es muy intensa, puede volverse perjudicial. <\/p>\n\n\n\n<p class=\"wp-block-paragraph\">Cuando este estado de alerta deriva en un agotamiento f\u00edsico y emocional cr\u00f3nico derivado de estr\u00e9s laboral prolongado y no gestionado, se lo denomina com\u00fanmente \u00abburnout\u00bb (del ingl\u00e9s, \u00abquemado\u00bb). Aunque a veces se usen como sin\u00f3nimo, el estr\u00e9s implica sobrecarga con esperanza de mejora; el burnout implica desmotivaci\u00f3n y vac\u00edo.<\/p>\n\n\n\n<p class=\"wp-block-paragraph\">La ansiedad, en cambio, es m\u00e1s interna y se relaciona con la anticipaci\u00f3n de una amenaza futura. No necesita un desencadenante real o inmediato; puede surgir por pensamientos catastr\u00f3ficos o la tendencia a sobrestimar el peligro y subestimar la capacidad de afrontarlo. <\/p>\n\n\n\n<p class=\"wp-block-paragraph\"><strong>As\u00ed como no todo estr\u00e9s significa \u00abestar quemado\u00bb, sentir ansiedad no significa tener un trastorno<\/strong>. La ansiedad es una emoci\u00f3n normal y necesaria. El problema aparece cuando la preocupaci\u00f3n, el miedo o los s\u00edntomas f\u00edsicos se vuelven tan frecuentes o intensos que empiezan a interferir con la vida cotidiana, las relaciones, el trabajo o el descanso.<\/p>\n\n\n\n<div style=\"height:50px\" aria-hidden=\"true\" class=\"wp-block-spacer\"><\/div>\n\n\n\n<h2 class=\"wp-block-heading\">\u00bfC\u00f3mo saber si tengo un Trastorno de Ansiedad?<\/h2>\n\n\n\n<p class=\"wp-block-paragraph\">En una persona con TAG (Trastorno de Ansiedad Generalizada), esa preocupaci\u00f3n constante suele traducirse en s\u00edntomas como tensi\u00f3n muscular, palpitaciones al acostarse, falta de aire, insomnio y dificultades para relajarse o disfrutar de los momentos de descanso. Con frecuencia se despiertan en medio de la noche con el coraz\u00f3n acelerado y temblando, y luego no pueden volver a dormirse.<\/p>\n\n\n\n<p class=\"wp-block-paragraph\">Adem\u00e1s de los s\u00edntomas f\u00edsicos, la ansiedad tambi\u00e9n influye en la forma en que interpretamos lo que ocurre a nuestro alrededor. Situaciones ambiguas o cotidianas pueden percibirse como se\u00f1ales de amenaza o peligro, causando angustia y malestar. <\/p>\n\n\n\n<p class=\"wp-block-paragraph\">Por ejemplo, si una persona con un trastorno de ansiedad siente una palpitaci\u00f3n, puede pensar: \u00ab\u00bfY si es un infarto?\u00bb. Si su jefe le pide una reuni\u00f3n, puede imaginar: \u00abMe van a echar\u00bb.<\/p>\n\n\n\n<p class=\"wp-block-paragraph\"><strong>A diferencia del estr\u00e9s, que suele aparecer frente a situaciones concretas y disminuir cuando el problema se resuelve, la ansiedad generalizada puede volverse persistente y llevar a conductas de evitaci\u00f3n. <\/strong><\/p>\n\n\n\n<p class=\"wp-block-paragraph\">Por ejemplo, algunas personas dejan de manejar, viajar o salir de casa, para no sentirse ansiosas o experimentar situaciones que podr\u00edan causarle taquicardia o dolor en el pecho por el miedo intenso.<\/p>\n\n\n\n<p class=\"wp-block-paragraph\">Aunque estas estrategias suelen brindar alivio a corto plazo, tienden a mantener el problema en el tiempo porque la persona nunca llega a comprobar que puede afrontar aquello que teme.<\/p>\n\n\n\n<div style=\"height:50px\" aria-hidden=\"true\" class=\"wp-block-spacer\"><\/div>\n\n\n\n<h2 class=\"wp-block-heading\">Ansiedad al extremos: S\u00edntomas de un Ataque de P\u00e1nico <\/h2>\n\n\n\n<p class=\"wp-block-paragraph\">En algunas personas, este estado de alerta permanente puede intensificarse hasta dar lugar a una <strong>crisis de ansiedad<\/strong> o <strong>ataque de p\u00e1nico<\/strong>: una descarga s\u00fabita de miedo intenso acompa\u00f1ada por s\u00edntomas f\u00edsicos que alcanzan su m\u00e1xima intensidad en pocos minutos.<\/p>\n\n\n\n<p class=\"wp-block-paragraph\">Los s\u00edntomas de un ataque de p\u00e1nico m\u00e1s comunes son:<\/p>\n\n\n\n<ul class=\"wp-block-list\">\n<li><strong>Palpitaciones y taquicardia:<\/strong>\u00a0El coraz\u00f3n bombea a mil por hora para enviar sangre a tus m\u00fasculos por si tuvieras que correr.<\/li>\n\n\n\n<li><strong>Falta de aire o ahogo:<\/strong>\u00a0Empez\u00e1s a respirar m\u00e1s r\u00e1pido de lo normal, sintiendo un nudo en la garganta o que el aire \u00abno te llega\u00bb.<\/li>\n\n\n\n<li><strong>Temblores y sudoraci\u00f3n:<\/strong>\u00a0Una vibraci\u00f3n interna incontrolable, acompa\u00f1ada de transpiraci\u00f3n fr\u00eda en las manos o la espalda.<\/li>\n\n\n\n<li><strong>Mareo e inestabilidad:<\/strong>\u00a0Sentir que el piso se mueve, que camin\u00e1s entre nubes o que est\u00e1s a punto de desmayarte.<\/li>\n\n\n\n<li><strong>Hormigueos:<\/strong>\u00a0Sensaci\u00f3n de entumecimiento o cosquilleo en los dedos de las manos, los pies o la cara.<\/li>\n\n\n\n<li><strong>Escalofr\u00edos o calor intenso:<\/strong>\u00a0Cambios bruscos de temperatura en cuesti\u00f3n de segundos.<\/li>\n<\/ul>\n\n\n\n<p class=\"wp-block-paragraph\">Si te identific\u00e1s con varios de estos s\u00edntomas y los estudios m\u00e9dicos descartaron causas org\u00e1nicas, es posible que est\u00e9s experimentando ataques de p\u00e1nico o alg\u00fan trastorno de ansiedad que merece una evaluaci\u00f3n profesional de un <strong><a href=\"https:\/\/centrodeansiedad.com.ar\/\" type=\"link\" id=\"https:\/\/centrodeansiedad.com.ar\/\">experto en ansiedad y trastorno del p\u00e1nico<\/a><\/strong>.<\/p>\n\n\n\n<p class=\"wp-block-paragraph\">En ese caso, te recomendamos que reserves una sesi\u00f3n con uno de nuestros <a href=\"https:\/\/centrodeansiedad.com.ar\/quienes-somos\/\" target=\"_blank\" rel=\"noreferrer noopener\">profesionales del Centro de Terapia para la Ansiedad<\/a>. Nuestra misi\u00f3n es ofrecer tratamientos basados en evidencia para ayudar a las personas a recuperar calidad de vida y volver a sentirse en control.<\/p>\n\n\n\n<div style=\"height:20px\" aria-hidden=\"true\" class=\"wp-block-spacer\"><\/div>\n\n\n\n<h2 class=\"wp-block-heading\">El mejor tratamiento para la ansiedad y el stress<\/h2>\n\n\n\n<p class=\"wp-block-paragraph\">El tratamiento puede variar de persona a persona. Ambos conceptos tienen un alto componente de subjetividad, el cual nos permite entender por qu\u00e9 algunas personas toleran m\u00e1s el estr\u00e9s o la ansiedad que otras. Esto es debido a factores de aprendizaje, tanto cognitivos como conductuales que pueden ser trabajados en terapia.<\/p>\n\n\n\n<p class=\"well wp-block-paragraph\">En nuestro centro, se trabaja en ambas problem\u00e1ticas identificando y modificando los pensamientos disfuncionales, desarrollando habilidades de afrontamiento y utilizando t\u00e9cnicas como la exposici\u00f3n gradual y la reestructuraci\u00f3n cognitiva.<\/p>\n\n\n\n<p class=\"wp-block-paragraph\">Mientras que el estr\u00e9s suele manejarse regulando la carga de exigencias y adoptando h\u00e1bitos saludables, la ansiedad necesita un abordaje m\u00e1s profundo para cambiar la percepci\u00f3n del peligro y recuperar el control sobre los pensamientos y emociones.<\/p>\n\n\n\n<p class=\"wp-block-paragraph\"><strong>Si quer\u00e9s mejorar tu tolerancia al estr\u00e9s o aprender a manejar tu ansiedad, podemos ayudarte.<\/strong><\/p>\n\n\n\n<div class=\"wp-block-group is-layout-constrained wp-block-group-is-layout-constrained\">\n<div style=\"height:40px\" aria-hidden=\"true\" class=\"wp-block-spacer\"><\/div>\n\n\n\n<h2 class=\"wp-block-heading has-text-align-center\"><strong>\u00bfQuer\u00e9s saber si lo que sent\u00eds es ansiedad?<\/strong> <\/h2>\n\n\n\n<p class=\"has-text-align-center wp-block-paragraph\">Si te cuesta relajarte, si sent\u00eds una tensi\u00f3n agotadora, el primer paso es entender tu nivel de sintomatolog\u00eda. Realiz\u00e1 nuestro <strong>Test de Ansiedad Gratuito<\/strong>. <\/p>\n\n\n\n<p class=\"has-text-align-center wp-block-paragraph\">Es una <strong>herramienta profesional de diagn\u00f3stico<\/strong> dise\u00f1ada para ayudarte a ponerle nombre a lo que te pasa y dar el primer paso hacia el alivio.<\/p>\n\n\n\n<div style=\"height:10px\" aria-hidden=\"true\" class=\"wp-block-spacer\"><\/div>\n\n\n\n<div class=\"wp-block-buttons is-content-justification-center is-layout-flex wp-container-core-buttons-is-layout-3e41869c wp-block-buttons-is-layout-flex\">\n<div class=\"wp-block-button\"><a class=\"wp-block-button__link has-text-align-center wp-element-button\" href=\"https:\/\/centrodeansiedad.com.ar\/test-de-ataques-de-ansiedad\/?utm_source=blog\" target=\"_blank\" rel=\"noreferrer noopener\"><strong>Hacer el Test Gratis<\/strong><\/a><\/div>\n<\/div>\n\n\n\n<div style=\"height:40px\" aria-hidden=\"true\" class=\"wp-block-spacer\"><\/div>\n<\/div>\n","protected":false},"excerpt":{"rendered":"<p>Mientras que el estr\u00e9s suele manejarse regulando la carga de exigencias y adoptando h\u00e1bitos saludables, la ansiedad necesita un abordaje m\u00e1s profundo para cambiar la percepci\u00f3n del peligro y recuperar el control sobre los pensamientos y emociones.<\/p>\n","protected":false},"author":10,"featured_media":24491,"comment_status":"open","ping_status":"open","sticky":false,"template":"","format":"standard","meta":{"_glsr_average":0,"_glsr_ranking":0,"_glsr_reviews":0,"_joinchat":[],"footnotes":""},"categories":[1],"tags":[],"class_list":["post-1005","post","type-post","status-publish","format-standard","has-post-thumbnail","hentry","category-psicologia"],"yoast_head":"<!-- This site is optimized with the Yoast SEO plugin v27.9 - https:\/\/yoast.com\/product\/yoast-seo-wordpress\/ -->\n<title>Diferencia entre Ansiedad y Estr\u00e9s: C\u00f3mo Identificarlas<\/title>\n<meta name=\"description\" content=\"Descubre las diferencias clave entre ansiedad y estr\u00e9s. Aprende a identificar cada condici\u00f3n y c\u00f3mo tratarlas efectivamente.\" \/>\n<meta name=\"robots\" content=\"index, follow, max-snippet:-1, max-image-preview:large, max-video-preview:-1\" \/>\n<link rel=\"canonical\" href=\"https:\/\/centrodeansiedad.com.ar\/blog\/existe-diferencia-entre-la-ansiedad-y-el-estres\/\" \/>\n<meta property=\"og:locale\" content=\"es_ES\" \/>\n<meta property=\"og:type\" content=\"article\" \/>\n<meta property=\"og:title\" content=\"\u00bfExiste diferencia entre la ansiedad y el estr\u00e9s?\" \/>\n<meta property=\"og:description\" content=\"La ansiedad y el estr\u00e9s suelen confundirse porque ambos generan s\u00edntomas similares, como tensi\u00f3n, inquietud y preocupaciones. Sin embargo, se diferencian por su origen, duraci\u00f3n y la forma en que afectan nuestra vida.\" \/>\n<meta property=\"og:url\" content=\"https:\/\/centrodeansiedad.com.ar\/blog\/existe-diferencia-entre-la-ansiedad-y-el-estres\/\" \/>\n<meta property=\"og:site_name\" content=\"Centro de Terapia para la Ansiedad\" \/>\n<meta property=\"article:published_time\" content=\"2025-10-21T17:54:07+00:00\" \/>\n<meta property=\"article:modified_time\" content=\"2026-06-25T17:11:54+00:00\" \/>\n<meta property=\"og:image\" content=\"https:\/\/centrodeansiedad.com.ar\/blog\/wp-content\/uploads\/2025\/10\/como-puedo-manejar-la-ansiedad-causada-por-la-dependencia-emocional.jpg\" \/>\n\t<meta property=\"og:image:width\" content=\"768\" \/>\n\t<meta property=\"og:image:height\" content=\"403\" \/>\n\t<meta property=\"og:image:type\" content=\"image\/jpeg\" \/>\n<meta name=\"author\" content=\"Equipo del Centro de Ansiedad\" \/>\n<meta name=\"twitter:card\" content=\"summary_large_image\" \/>\n<meta name=\"twitter:title\" content=\"\u00bfExiste diferencia entre la ansiedad y el estr\u00e9s?\" \/>\n<meta name=\"twitter:description\" content=\"La ansiedad y el estr\u00e9s suelen confundirse porque ambos generan s\u00edntomas similares, como tensi\u00f3n, inquietud y preocupaciones. Sin embargo, se diferencian por su origen, duraci\u00f3n y la forma en que afectan nuestra vida.\" \/>\n<meta name=\"twitter:image\" content=\"https:\/\/centrodeansiedad.com.ar\/blog\/wp-content\/uploads\/2025\/10\/como-puedo-manejar-la-ansiedad-causada-por-la-dependencia-emocional.jpg\" \/>\n<meta name=\"twitter:label1\" content=\"Escrito por\" \/>\n\t<meta name=\"twitter:data1\" content=\"Equipo del Centro de Ansiedad\" \/>\n\t<meta name=\"twitter:label2\" content=\"Tiempo de lectura\" \/>\n\t<meta name=\"twitter:data2\" content=\"5 minutos\" \/>\n<script type=\"application\/ld+json\" class=\"yoast-schema-graph\">{\"@context\":\"https:\\\/\\\/schema.org\",\"@graph\":[{\"@type\":\"Article\",\"@id\":\"https:\\\/\\\/centrodeansiedad.com.ar\\\/blog\\\/existe-diferencia-entre-la-ansiedad-y-el-estres\\\/#article\",\"isPartOf\":{\"@id\":\"https:\\\/\\\/centrodeansiedad.com.ar\\\/blog\\\/existe-diferencia-entre-la-ansiedad-y-el-estres\\\/\"},\"author\":{\"name\":\"Equipo del Centro de Ansiedad\",\"@id\":\"https:\\\/\\\/centrodeansiedad.com.ar\\\/blog\\\/#\\\/schema\\\/person\\\/3e6cd22fb1fa86cec226ee2afaf4849e\"},\"headline\":\"\u00bfExiste diferencia entre la ansiedad y el estr\u00e9s?\",\"datePublished\":\"2025-10-21T17:54:07+00:00\",\"dateModified\":\"2026-06-25T17:11:54+00:00\",\"mainEntityOfPage\":{\"@id\":\"https:\\\/\\\/centrodeansiedad.com.ar\\\/blog\\\/existe-diferencia-entre-la-ansiedad-y-el-estres\\\/\"},\"wordCount\":951,\"commentCount\":0,\"image\":{\"@id\":\"https:\\\/\\\/centrodeansiedad.com.ar\\\/blog\\\/existe-diferencia-entre-la-ansiedad-y-el-estres\\\/#primaryimage\"},\"thumbnailUrl\":\"https:\\\/\\\/centrodeansiedad.com.ar\\\/blog\\\/wp-content\\\/uploads\\\/2025\\\/10\\\/como-puedo-manejar-la-ansiedad-causada-por-la-dependencia-emocional.jpg\",\"articleSection\":[\"Trastornos de Ansiedad\"],\"inLanguage\":\"es\",\"potentialAction\":[{\"@type\":\"CommentAction\",\"name\":\"Comment\",\"target\":[\"https:\\\/\\\/centrodeansiedad.com.ar\\\/blog\\\/existe-diferencia-entre-la-ansiedad-y-el-estres\\\/#respond\"]}]},{\"@type\":\"WebPage\",\"@id\":\"https:\\\/\\\/centrodeansiedad.com.ar\\\/blog\\\/existe-diferencia-entre-la-ansiedad-y-el-estres\\\/\",\"url\":\"https:\\\/\\\/centrodeansiedad.com.ar\\\/blog\\\/existe-diferencia-entre-la-ansiedad-y-el-estres\\\/\",\"name\":\"Diferencia entre Ansiedad y Estr\u00e9s: C\u00f3mo Identificarlas\",\"isPartOf\":{\"@id\":\"https:\\\/\\\/centrodeansiedad.com.ar\\\/blog\\\/#website\"},\"primaryImageOfPage\":{\"@id\":\"https:\\\/\\\/centrodeansiedad.com.ar\\\/blog\\\/existe-diferencia-entre-la-ansiedad-y-el-estres\\\/#primaryimage\"},\"image\":{\"@id\":\"https:\\\/\\\/centrodeansiedad.com.ar\\\/blog\\\/existe-diferencia-entre-la-ansiedad-y-el-estres\\\/#primaryimage\"},\"thumbnailUrl\":\"https:\\\/\\\/centrodeansiedad.com.ar\\\/blog\\\/wp-content\\\/uploads\\\/2025\\\/10\\\/como-puedo-manejar-la-ansiedad-causada-por-la-dependencia-emocional.jpg\",\"datePublished\":\"2025-10-21T17:54:07+00:00\",\"dateModified\":\"2026-06-25T17:11:54+00:00\",\"author\":{\"@id\":\"https:\\\/\\\/centrodeansiedad.com.ar\\\/blog\\\/#\\\/schema\\\/person\\\/3e6cd22fb1fa86cec226ee2afaf4849e\"},\"description\":\"Descubre las diferencias clave entre ansiedad y estr\u00e9s. Aprende a identificar cada condici\u00f3n y c\u00f3mo tratarlas efectivamente.\",\"breadcrumb\":{\"@id\":\"https:\\\/\\\/centrodeansiedad.com.ar\\\/blog\\\/existe-diferencia-entre-la-ansiedad-y-el-estres\\\/#breadcrumb\"},\"inLanguage\":\"es\",\"potentialAction\":[{\"@type\":\"ReadAction\",\"target\":[\"https:\\\/\\\/centrodeansiedad.com.ar\\\/blog\\\/existe-diferencia-entre-la-ansiedad-y-el-estres\\\/\"]}]},{\"@type\":\"ImageObject\",\"inLanguage\":\"es\",\"@id\":\"https:\\\/\\\/centrodeansiedad.com.ar\\\/blog\\\/existe-diferencia-entre-la-ansiedad-y-el-estres\\\/#primaryimage\",\"url\":\"https:\\\/\\\/centrodeansiedad.com.ar\\\/blog\\\/wp-content\\\/uploads\\\/2025\\\/10\\\/como-puedo-manejar-la-ansiedad-causada-por-la-dependencia-emocional.jpg\",\"contentUrl\":\"https:\\\/\\\/centrodeansiedad.com.ar\\\/blog\\\/wp-content\\\/uploads\\\/2025\\\/10\\\/como-puedo-manejar-la-ansiedad-causada-por-la-dependencia-emocional.jpg\",\"width\":768,\"height\":403,\"caption\":\"como puedo manejar la ansiedad causada por la dependencia emocional\"},{\"@type\":\"BreadcrumbList\",\"@id\":\"https:\\\/\\\/centrodeansiedad.com.ar\\\/blog\\\/existe-diferencia-entre-la-ansiedad-y-el-estres\\\/#breadcrumb\",\"itemListElement\":[{\"@type\":\"ListItem\",\"position\":1,\"name\":\"Portada\",\"item\":\"https:\\\/\\\/centrodeansiedad.com.ar\\\/blog\\\/\"},{\"@type\":\"ListItem\",\"position\":2,\"name\":\"\u00bfExiste diferencia entre la ansiedad y el estr\u00e9s?\"}]},{\"@type\":\"WebSite\",\"@id\":\"https:\\\/\\\/centrodeansiedad.com.ar\\\/blog\\\/#website\",\"url\":\"https:\\\/\\\/centrodeansiedad.com.ar\\\/blog\\\/\",\"name\":\"Centro de Terapia para la Ansiedad\",\"description\":\"Alivia tu ansiedad en pocas sesiones para que el miedo al futuro no te impida disfrutar el presente\",\"potentialAction\":[{\"@type\":\"SearchAction\",\"target\":{\"@type\":\"EntryPoint\",\"urlTemplate\":\"https:\\\/\\\/centrodeansiedad.com.ar\\\/blog\\\/?s={search_term_string}\"},\"query-input\":{\"@type\":\"PropertyValueSpecification\",\"valueRequired\":true,\"valueName\":\"search_term_string\"}}],\"inLanguage\":\"es\"},{\"@type\":\"Person\",\"@id\":\"https:\\\/\\\/centrodeansiedad.com.ar\\\/blog\\\/#\\\/schema\\\/person\\\/3e6cd22fb1fa86cec226ee2afaf4849e\",\"name\":\"Equipo del Centro de Ansiedad\",\"description\":\"Aliviamos tus preocupaciones, nervios y tensi\u00f3n en pocas sesiones para que te sientas m\u00e1s relajado y duermas mejor con Terapia Cognitivo Conductual\",\"url\":\"https:\\\/\\\/centrodeansiedad.com.ar\\\/blog\\\/author\\\/equipo-centro-de-ansiedad\\\/\"}]}<\/script>\n<!-- \/ Yoast SEO plugin. -->","yoast_head_json":{"title":"Diferencia entre Ansiedad y Estr\u00e9s: C\u00f3mo Identificarlas","description":"Descubre las diferencias clave entre ansiedad y estr\u00e9s. Aprende a identificar cada condici\u00f3n y c\u00f3mo tratarlas efectivamente.","robots":{"index":"index","follow":"follow","max-snippet":"max-snippet:-1","max-image-preview":"max-image-preview:large","max-video-preview":"max-video-preview:-1"},"canonical":"https:\/\/centrodeansiedad.com.ar\/blog\/existe-diferencia-entre-la-ansiedad-y-el-estres\/","og_locale":"es_ES","og_type":"article","og_title":"\u00bfExiste diferencia entre la ansiedad y el estr\u00e9s?","og_description":"La ansiedad y el estr\u00e9s suelen confundirse porque ambos generan s\u00edntomas similares, como tensi\u00f3n, inquietud y preocupaciones. Sin embargo, se diferencian por su origen, duraci\u00f3n y la forma en que afectan nuestra vida.","og_url":"https:\/\/centrodeansiedad.com.ar\/blog\/existe-diferencia-entre-la-ansiedad-y-el-estres\/","og_site_name":"Centro de Terapia para la Ansiedad","article_published_time":"2025-10-21T17:54:07+00:00","article_modified_time":"2026-06-25T17:11:54+00:00","og_image":[{"width":768,"height":403,"url":"https:\/\/centrodeansiedad.com.ar\/blog\/wp-content\/uploads\/2025\/10\/como-puedo-manejar-la-ansiedad-causada-por-la-dependencia-emocional.jpg","type":"image\/jpeg"}],"author":"Equipo del Centro de Ansiedad","twitter_card":"summary_large_image","twitter_title":"\u00bfExiste diferencia entre la ansiedad y el estr\u00e9s?","twitter_description":"La ansiedad y el estr\u00e9s suelen confundirse porque ambos generan s\u00edntomas similares, como tensi\u00f3n, inquietud y preocupaciones. Sin embargo, se diferencian por su origen, duraci\u00f3n y la forma en que afectan nuestra vida.","twitter_image":"https:\/\/centrodeansiedad.com.ar\/blog\/wp-content\/uploads\/2025\/10\/como-puedo-manejar-la-ansiedad-causada-por-la-dependencia-emocional.jpg","twitter_misc":{"Escrito por":"Equipo del Centro de Ansiedad","Tiempo de lectura":"5 minutos"},"schema":{"@context":"https:\/\/schema.org","@graph":[{"@type":"Article","@id":"https:\/\/centrodeansiedad.com.ar\/blog\/existe-diferencia-entre-la-ansiedad-y-el-estres\/#article","isPartOf":{"@id":"https:\/\/centrodeansiedad.com.ar\/blog\/existe-diferencia-entre-la-ansiedad-y-el-estres\/"},"author":{"name":"Equipo del Centro de Ansiedad","@id":"https:\/\/centrodeansiedad.com.ar\/blog\/#\/schema\/person\/3e6cd22fb1fa86cec226ee2afaf4849e"},"headline":"\u00bfExiste diferencia entre la ansiedad y el estr\u00e9s?","datePublished":"2025-10-21T17:54:07+00:00","dateModified":"2026-06-25T17:11:54+00:00","mainEntityOfPage":{"@id":"https:\/\/centrodeansiedad.com.ar\/blog\/existe-diferencia-entre-la-ansiedad-y-el-estres\/"},"wordCount":951,"commentCount":0,"image":{"@id":"https:\/\/centrodeansiedad.com.ar\/blog\/existe-diferencia-entre-la-ansiedad-y-el-estres\/#primaryimage"},"thumbnailUrl":"https:\/\/centrodeansiedad.com.ar\/blog\/wp-content\/uploads\/2025\/10\/como-puedo-manejar-la-ansiedad-causada-por-la-dependencia-emocional.jpg","articleSection":["Trastornos de Ansiedad"],"inLanguage":"es","potentialAction":[{"@type":"CommentAction","name":"Comment","target":["https:\/\/centrodeansiedad.com.ar\/blog\/existe-diferencia-entre-la-ansiedad-y-el-estres\/#respond"]}]},{"@type":"WebPage","@id":"https:\/\/centrodeansiedad.com.ar\/blog\/existe-diferencia-entre-la-ansiedad-y-el-estres\/","url":"https:\/\/centrodeansiedad.com.ar\/blog\/existe-diferencia-entre-la-ansiedad-y-el-estres\/","name":"Diferencia entre Ansiedad y Estr\u00e9s: C\u00f3mo Identificarlas","isPartOf":{"@id":"https:\/\/centrodeansiedad.com.ar\/blog\/#website"},"primaryImageOfPage":{"@id":"https:\/\/centrodeansiedad.com.ar\/blog\/existe-diferencia-entre-la-ansiedad-y-el-estres\/#primaryimage"},"image":{"@id":"https:\/\/centrodeansiedad.com.ar\/blog\/existe-diferencia-entre-la-ansiedad-y-el-estres\/#primaryimage"},"thumbnailUrl":"https:\/\/centrodeansiedad.com.ar\/blog\/wp-content\/uploads\/2025\/10\/como-puedo-manejar-la-ansiedad-causada-por-la-dependencia-emocional.jpg","datePublished":"2025-10-21T17:54:07+00:00","dateModified":"2026-06-25T17:11:54+00:00","author":{"@id":"https:\/\/centrodeansiedad.com.ar\/blog\/#\/schema\/person\/3e6cd22fb1fa86cec226ee2afaf4849e"},"description":"Descubre las diferencias clave entre ansiedad y estr\u00e9s. Aprende a identificar cada condici\u00f3n y c\u00f3mo tratarlas efectivamente.","breadcrumb":{"@id":"https:\/\/centrodeansiedad.com.ar\/blog\/existe-diferencia-entre-la-ansiedad-y-el-estres\/#breadcrumb"},"inLanguage":"es","potentialAction":[{"@type":"ReadAction","target":["https:\/\/centrodeansiedad.com.ar\/blog\/existe-diferencia-entre-la-ansiedad-y-el-estres\/"]}]},{"@type":"ImageObject","inLanguage":"es","@id":"https:\/\/centrodeansiedad.com.ar\/blog\/existe-diferencia-entre-la-ansiedad-y-el-estres\/#primaryimage","url":"https:\/\/centrodeansiedad.com.ar\/blog\/wp-content\/uploads\/2025\/10\/como-puedo-manejar-la-ansiedad-causada-por-la-dependencia-emocional.jpg","contentUrl":"https:\/\/centrodeansiedad.com.ar\/blog\/wp-content\/uploads\/2025\/10\/como-puedo-manejar-la-ansiedad-causada-por-la-dependencia-emocional.jpg","width":768,"height":403,"caption":"como puedo manejar la ansiedad causada por la dependencia emocional"},{"@type":"BreadcrumbList","@id":"https:\/\/centrodeansiedad.com.ar\/blog\/existe-diferencia-entre-la-ansiedad-y-el-estres\/#breadcrumb","itemListElement":[{"@type":"ListItem","position":1,"name":"Portada","item":"https:\/\/centrodeansiedad.com.ar\/blog\/"},{"@type":"ListItem","position":2,"name":"\u00bfExiste diferencia entre la ansiedad y el estr\u00e9s?"}]},{"@type":"WebSite","@id":"https:\/\/centrodeansiedad.com.ar\/blog\/#website","url":"https:\/\/centrodeansiedad.com.ar\/blog\/","name":"Centro de Terapia para la Ansiedad","description":"Alivia tu ansiedad en pocas sesiones para que el miedo al futuro no te impida disfrutar el presente","potentialAction":[{"@type":"SearchAction","target":{"@type":"EntryPoint","urlTemplate":"https:\/\/centrodeansiedad.com.ar\/blog\/?s={search_term_string}"},"query-input":{"@type":"PropertyValueSpecification","valueRequired":true,"valueName":"search_term_string"}}],"inLanguage":"es"},{"@type":"Person","@id":"https:\/\/centrodeansiedad.com.ar\/blog\/#\/schema\/person\/3e6cd22fb1fa86cec226ee2afaf4849e","name":"Equipo del Centro de Ansiedad","description":"Aliviamos tus preocupaciones, nervios y tensi\u00f3n en pocas sesiones para que te sientas m\u00e1s relajado y duermas mejor con Terapia Cognitivo Conductual","url":"https:\/\/centrodeansiedad.com.ar\/blog\/author\/equipo-centro-de-ansiedad\/"}]}},"_links":{"self":[{"href":"https:\/\/centrodeansiedad.com.ar\/blog\/wp-json\/wp\/v2\/posts\/1005","targetHints":{"allow":["GET"]}}],"collection":[{"href":"https:\/\/centrodeansiedad.com.ar\/blog\/wp-json\/wp\/v2\/posts"}],"about":[{"href":"https:\/\/centrodeansiedad.com.ar\/blog\/wp-json\/wp\/v2\/types\/post"}],"author":[{"embeddable":true,"href":"https:\/\/centrodeansiedad.com.ar\/blog\/wp-json\/wp\/v2\/users\/10"}],"replies":[{"embeddable":true,"href":"https:\/\/centrodeansiedad.com.ar\/blog\/wp-json\/wp\/v2\/comments?post=1005"}],"version-history":[{"count":7,"href":"https:\/\/centrodeansiedad.com.ar\/blog\/wp-json\/wp\/v2\/posts\/1005\/revisions"}],"predecessor-version":[{"id":26690,"href":"https:\/\/centrodeansiedad.com.ar\/blog\/wp-json\/wp\/v2\/posts\/1005\/revisions\/26690"}],"wp:featuredmedia":[{"embeddable":true,"href":"https:\/\/centrodeansiedad.com.ar\/blog\/wp-json\/wp\/v2\/media\/24491"}],"wp:attachment":[{"href":"https:\/\/centrodeansiedad.com.ar\/blog\/wp-json\/wp\/v2\/media?parent=1005"}],"wp:term":[{"taxonomy":"category","embeddable":true,"href":"https:\/\/centrodeansiedad.com.ar\/blog\/wp-json\/wp\/v2\/categories?post=1005"},{"taxonomy":"post_tag","embeddable":true,"href":"https:\/\/centrodeansiedad.com.ar\/blog\/wp-json\/wp\/v2\/tags?post=1005"}],"curies":[{"name":"wp","href":"https:\/\/api.w.org\/{rel}","templated":true}]}}